{"id":15,"name":"Andi","url":"","description":"Ich bin Andreas Meran, einer der beiden Gr\u00fcnder von Funkenflug, und seit \u00fcber 20 Jahren liebe ich es, Menschen zusammenzubringen. Was als Hobby begann, wurde irgendwann zu meinem Job, und ich k\u00f6nnte mir nichts Besseres vorstellen. Durch meine Arbeit habe ich unz\u00e4hlige Begegnungen erm\u00f6glicht und bin immer wieder fasziniert von den einzigartigen Geschichten, die daraus entstehen. Funkenflug ist f\u00fcr mich nicht nur ein Projekt, sondern eine Herzensangelegenheit, die das Zusammenfinden von Menschen feiert und f\u00f6rdert.","link":"https:\/\/www.funkenflug.app\/liebeskram\/author\/andi\/","slug":"andi","avatar_urls":{"24":"https:\/\/www.funkenflug.app\/liebeskram\/wp-content\/uploads\/2024\/08\/me_4-150x150.jpg","48":"https:\/\/www.funkenflug.app\/liebeskram\/wp-content\/uploads\/2024\/08\/me_4-150x150.jpg","96":"https:\/\/www.funkenflug.app\/liebeskram\/wp-content\/uploads\/2024\/08\/me_4-150x150.jpg"},"meta":{"generateblocks_onboarding":{"insert_inner_container":true}},"acf":[],"_links":{"self":[{"href":"https:\/\/www.funkenflug.app\/liebeskram\/wp-json\/wp\/v2\/users\/15","targetHints":{"allow":["GET"]}}],"collection":[{"href":"https:\/\/www.funkenflug.app\/liebeskram\/wp-json\/wp\/v2\/users"}]}}